{"id":9300,"date":"2024-11-12T18:23:54","date_gmt":"2024-11-12T18:23:54","guid":{"rendered":"https:\/\/saiapm.ulbsibiu.ro\/?p=9300"},"modified":"2024-11-12T18:26:26","modified_gmt":"2024-11-12T18:26:26","slug":"sarbatorim-ziua-internationala-a-studentilor","status":"publish","type":"post","link":"https:\/\/saiapm.ulbsibiu.ro\/index.php\/2024\/11\/12\/sarbatorim-ziua-internationala-a-studentilor\/","title":{"rendered":"S\u0103rb\u0103torim Ziua Interna\u021bional\u0103 a Studen\u021bilor!"},"content":{"rendered":"<div>\n<div class=\"gmail_default\">Pentru c\u0103 ne preocup\u0103 \u0219i starea de bine a studen\u021bilor, pe\u00a0<strong>15 noiembrie<\/strong>\u00a0studen\u021bii ULBS sunt a\u0219tepta\u021bi \u00eencep\u00e2nd cu ora 21:00 la\u00a0<strong>ARIA ROOFTOP SIBIU<\/strong> ( \u0218oseaua Alba Iulia 100), pentru a s\u0103rb\u0103tori, printr-o petrecere organizat\u0103 de universitate, Ziua Interna\u021bional\u0103 a Studen\u021bilor!<\/div>\n<\/div>\n<div>\n<div class=\"gmail_default\">Accesul la acest eveniment\u00a0se face pe baza carnetului de student \u0219i a biletelor, disponibile aici:\u00a0<a href=\"https:\/\/www.livetickets.ro\/bilete\/ulbs-student-party-1511\">https:\/\/www.livetickets.ro\/bilete\/ulbs-student-party-1511<\/a><\/div>\n<\/div>\n<div>\u00a0<\/div>\n<div>V\u0103 a\u0219tept\u0103m!<\/div>\n<div>\u00a0<\/div>\n<div>\u00a0<\/div>\n<div><img loading=\"lazy\" decoding=\"async\" class=\"alignleft size-full wp-image-9301\" src=\"https:\/\/saiapm.ulbsibiu.ro\/wp-content\/uploads\/2024\/11\/student-party-1.jpg\" alt=\"\" width=\"900\" height=\"1600\" srcset=\"https:\/\/saiapm.ulbsibiu.ro\/wp-content\/uploads\/2024\/11\/student-party-1.jpg 900w, https:\/\/saiapm.ulbsibiu.ro\/wp-content\/uploads\/2024\/11\/student-party-1-169x300.jpg 169w, https:\/\/saiapm.ulbsibiu.ro\/wp-content\/uploads\/2024\/11\/student-party-1-576x1024.jpg 576w, https:\/\/saiapm.ulbsibiu.ro\/wp-content\/uploads\/2024\/11\/student-party-1-768x1365.jpg 768w, https:\/\/saiapm.ulbsibiu.ro\/wp-content\/uploads\/2024\/11\/student-party-1-864x1536.jpg 864w\" sizes=\"(max-width: 900px) 100vw, 900px\" \/><\/div>\n","protected":false},"excerpt":{"rendered":"<p>Pentru c\u0103 ne preocup\u0103 \u0219i starea de bine a studen\u021bilor, pe\u00a015 noiembrie\u00a0studen\u021bii ULBS sunt a\u0219tepta\u021bi \u00eencep\u00e2nd cu ora 21:00 la\u00a0ARIA ROOFTOP SIBIU ( \u0218oseaua Alba Iulia 100), pentru a s\u0103rb\u0103tori, printr-o petrecere organizat\u0103 de universitate, Ziua Interna\u021bional\u0103 a Studen\u021bilor! Accesul&hellip;<\/p>\n","protected":false},"author":1,"featured_media":9303,"comment_status":"closed","ping_status":"closed","sticky":false,"template":"","format":"standard","meta":{"footnotes":""},"categories":[27,3],"tags":[],"class_list":["post-9300","post","type-post","status-publish","format-standard","has-post-thumbnail","hentry","category-anunturi","category-evenimente","entry","has-media"],"_links":{"self":[{"href":"https:\/\/saiapm.ulbsibiu.ro\/index.php\/wp-json\/wp\/v2\/posts\/9300"}],"collection":[{"href":"https:\/\/saiapm.ulbsibiu.ro\/index.php\/wp-json\/wp\/v2\/posts"}],"about":[{"href":"https:\/\/saiapm.ulbsibiu.ro\/index.php\/wp-json\/wp\/v2\/types\/post"}],"author":[{"embeddable":true,"href":"https:\/\/saiapm.ulbsibiu.ro\/index.php\/wp-json\/wp\/v2\/users\/1"}],"replies":[{"embeddable":true,"href":"https:\/\/saiapm.ulbsibiu.ro\/index.php\/wp-json\/wp\/v2\/comments?post=9300"}],"version-history":[{"count":1,"href":"https:\/\/saiapm.ulbsibiu.ro\/index.php\/wp-json\/wp\/v2\/posts\/9300\/revisions"}],"predecessor-version":[{"id":9302,"href":"https:\/\/saiapm.ulbsibiu.ro\/index.php\/wp-json\/wp\/v2\/posts\/9300\/revisions\/9302"}],"wp:featuredmedia":[{"embeddable":true,"href":"https:\/\/saiapm.ulbsibiu.ro\/index.php\/wp-json\/wp\/v2\/media\/9303"}],"wp:attachment":[{"href":"https:\/\/saiapm.ulbsibiu.ro\/index.php\/wp-json\/wp\/v2\/media?parent=9300"}],"wp:term":[{"taxonomy":"category","embeddable":true,"href":"https:\/\/saiapm.ulbsibiu.ro\/index.php\/wp-json\/wp\/v2\/categories?post=9300"},{"taxonomy":"post_tag","embeddable":true,"href":"https:\/\/saiapm.ulbsibiu.ro\/index.php\/wp-json\/wp\/v2\/tags?post=9300"}],"curies":[{"name":"wp","href":"https:\/\/api.w.org\/{rel}","templated":true}]}}