{"id":9266,"date":"2024-10-16T06:30:23","date_gmt":"2024-10-16T06:30:23","guid":{"rendered":"https:\/\/saiapm.ulbsibiu.ro\/?p=9266"},"modified":"2024-10-16T06:30:23","modified_gmt":"2024-10-16T06:30:23","slug":"targul-educational-ted-ulbs-2024-va-avea-loc-pe-22-octombrie","status":"publish","type":"post","link":"https:\/\/saiapm.ulbsibiu.ro\/index.php\/2024\/10\/16\/targul-educational-ted-ulbs-2024-va-avea-loc-pe-22-octombrie\/","title":{"rendered":"T\u00e2rgul educa\u021bional TeD ULBS 2024 va avea loc pe 22 octombrie"},"content":{"rendered":"<div class=\"gmail_default\">Pe\u00a0<strong>22 octombrie,<\/strong>\u00a0\u00een cea de-a doua zi a\u00a0<em>S\u0103pt\u0103m\u00e2nii altfel<\/em>\u00a0planificate s\u0103 aib\u0103 loc \u00een liceele din jude\u021bul Sibiu, ULBS le propune\u00a0 mai ales elevilor din clasele a XI-a \u0219i a XII-a o \u00eent\u00e2lnire cu cele nou\u0103 facult\u0103\u021bi, dar \u0219i cu structurile care sus\u021bin activitatea studen\u021beasc\u0103<\/div>\n<div class=\"gmail_default\">(SmartHub, Erasmus +, D-School, Biblioteca ULBS, COCERC), pentru a afla direct de la reprezentan\u021bii universit\u0103\u021bii despre oportunit\u0103\u021bile oferite viitorilor studen\u021bi.<\/div>\n<div class=\"gmail_default\">\u00a0<\/div>\n<div class=\"gmail_default\"><strong>TeD ULBS va avea loc \u00een \u201eAula Magna\u201d \u0219i \u00een holul Facult\u0103\u021bii de Medicin\u0103 din strada Lucian Blaga nr. 2A, \u00eentre orele 9.00-16.00<\/strong>.<\/div>\n<div>\u00a0<\/div>\n<div class=\"gmail_default\">Save the date!<\/div>\n<div>\u00a0<\/div>\n<div class=\"gmail_default\"><img loading=\"lazy\" decoding=\"async\" class=\"size-full wp-image-9267 alignnone\" src=\"https:\/\/saiapm.ulbsibiu.ro\/wp-content\/uploads\/2024\/10\/STIRE-site_TeD_2024.jpg\" alt=\"\" width=\"876\" height=\"494\" srcset=\"https:\/\/saiapm.ulbsibiu.ro\/wp-content\/uploads\/2024\/10\/STIRE-site_TeD_2024.jpg 876w, https:\/\/saiapm.ulbsibiu.ro\/wp-content\/uploads\/2024\/10\/STIRE-site_TeD_2024-300x169.jpg 300w, https:\/\/saiapm.ulbsibiu.ro\/wp-content\/uploads\/2024\/10\/STIRE-site_TeD_2024-768x433.jpg 768w\" sizes=\"(max-width: 876px) 100vw, 876px\" \/><\/div>\n","protected":false},"excerpt":{"rendered":"<p>Pe\u00a022 octombrie,\u00a0\u00een cea de-a doua zi a\u00a0S\u0103pt\u0103m\u00e2nii altfel\u00a0planificate s\u0103 aib\u0103 loc \u00een liceele din jude\u021bul Sibiu, ULBS le propune\u00a0 mai ales elevilor din clasele a XI-a \u0219i a XII-a o \u00eent\u00e2lnire cu cele nou\u0103 facult\u0103\u021bi, dar \u0219i cu structurile care&hellip;<\/p>\n","protected":false},"author":1,"featured_media":9267,"comment_status":"closed","ping_status":"closed","sticky":false,"template":"","format":"standard","meta":{"footnotes":""},"categories":[3],"tags":[],"class_list":["post-9266","post","type-post","status-publish","format-standard","has-post-thumbnail","hentry","category-evenimente","entry","has-media"],"_links":{"self":[{"href":"https:\/\/saiapm.ulbsibiu.ro\/index.php\/wp-json\/wp\/v2\/posts\/9266"}],"collection":[{"href":"https:\/\/saiapm.ulbsibiu.ro\/index.php\/wp-json\/wp\/v2\/posts"}],"about":[{"href":"https:\/\/saiapm.ulbsibiu.ro\/index.php\/wp-json\/wp\/v2\/types\/post"}],"author":[{"embeddable":true,"href":"https:\/\/saiapm.ulbsibiu.ro\/index.php\/wp-json\/wp\/v2\/users\/1"}],"replies":[{"embeddable":true,"href":"https:\/\/saiapm.ulbsibiu.ro\/index.php\/wp-json\/wp\/v2\/comments?post=9266"}],"version-history":[{"count":2,"href":"https:\/\/saiapm.ulbsibiu.ro\/index.php\/wp-json\/wp\/v2\/posts\/9266\/revisions"}],"predecessor-version":[{"id":9270,"href":"https:\/\/saiapm.ulbsibiu.ro\/index.php\/wp-json\/wp\/v2\/posts\/9266\/revisions\/9270"}],"wp:featuredmedia":[{"embeddable":true,"href":"https:\/\/saiapm.ulbsibiu.ro\/index.php\/wp-json\/wp\/v2\/media\/9267"}],"wp:attachment":[{"href":"https:\/\/saiapm.ulbsibiu.ro\/index.php\/wp-json\/wp\/v2\/media?parent=9266"}],"wp:term":[{"taxonomy":"category","embeddable":true,"href":"https:\/\/saiapm.ulbsibiu.ro\/index.php\/wp-json\/wp\/v2\/categories?post=9266"},{"taxonomy":"post_tag","embeddable":true,"href":"https:\/\/saiapm.ulbsibiu.ro\/index.php\/wp-json\/wp\/v2\/tags?post=9266"}],"curies":[{"name":"wp","href":"https:\/\/api.w.org\/{rel}","templated":true}]}}