{"id":8178,"date":"2022-10-11T18:08:59","date_gmt":"2022-10-11T18:08:59","guid":{"rendered":"https:\/\/saiapm.ulbsibiu.ro\/?p=8178"},"modified":"2022-10-11T18:10:33","modified_gmt":"2022-10-11T18:10:33","slug":"participarea-facultatii-la-ziua-nationala-a-produsului-agroalimentar-romanesc","status":"publish","type":"post","link":"https:\/\/saiapm.ulbsibiu.ro\/index.php\/2022\/10\/11\/participarea-facultatii-la-ziua-nationala-a-produsului-agroalimentar-romanesc\/","title":{"rendered":"Participarea facult\u0103\u021bii la Ziua Na\u021bional\u0103 a Produsului Agroalimentar Rom\u00e2nesc"},"content":{"rendered":"<div class=\"x11i5rnm xat24cr x1mh8g0r x1vvkbs xtlvy1s x126k92a\">\n<div dir=\"auto\">De Ziua Na\u021bional\u0103 a Produsului Agroalimentar Rom\u00e2nesc, sala de \u0219edin\u021be a Consiliului Jude\u021bean Sibiu a fost plin\u0103 de voie bun\u0103. Peste 75 de copii de la \u0218coala nr.2 din Sibiu, \u00eenso\u021bi\u021bi de \u00eenv\u0103\u021b\u0103toare au ascultat cu interes ce \u00eenseamn\u0103 produsele locale, care sunt avantajele consumului de fructe \u0219i legume proaspete, ce facem cu produsele pentru a fi p\u0103strate sau cum sunt reciclate, dar \u0219i cum s\u0103 nu irosim alimentele<a class=\"x1i10hfl xjbqb8w x6umtig x1b1mbwd xaqea5y xav7gou x9f619 x1ypdohk xt0psk2 xe8uvvx xdj266r x11i5rnm xat24cr x1mh8g0r xexx8yu x4uap5 x18d9i69 xkhd6sd x16tdsg8 x1hl2dhg xggy1nq x1a2a7pz xt0b8zv x1qq9wsj xo1l8bm\" tabindex=\"0\" role=\"link\" href=\"https:\/\/www.facebook.com\/hashtag\/zerowaste?__eep__=6&amp;__cft__[0]=AZVeUGRg9bUGobTRwazZQP9gnaromod0o_DOkHSOVgAnK2iZ7NexxbplRxwrior67atrLLL6xMnWd-CiI1g4LYPQrsPH0cE0jRB2p51V5fCtTx0lEGs7QBBYEoHvvJahTo0-FswNfystPEpfWWWUEXshcDCWTWSbONk24pOU1mtk4DbMu8F6_cq50SVm6BgWu0EB0Hk0pdEIUCm1QaNeReC8&amp;__tn__=*NK-y-R\"> #zerowast<\/a>e.<\/div>\n<\/div>\n<div class=\"x11i5rnm xat24cr x1mh8g0r x1vvkbs xtlvy1s x126k92a\">\n<div dir=\"auto\"><span class=\"x3nfvp2 x1j61x8r x1fcty0u xdj266r xhhsvwb xat24cr xgzva0m xxymvpz xlup9mm x1kky2od\"><img loading=\"lazy\" decoding=\"async\" src=\"https:\/\/static.xx.fbcdn.net\/images\/emoji.php\/v9\/tfc\/1\/16\/1f44d.png\" alt=\"\ud83d\udc4d\" width=\"16\" height=\"16\" \/><\/span> Gazde le-au fost colegele noastre de la Compartimentul de Dezvoltare Durabila \u2013 Consiliul Jude\u021bean Sibiu, partenerii no\u0219tri din cadrul Universit\u0103\u021bii Lucian Blaga Sibiu \u2013 Facultatea de \u0218tiin\u021be Agricole, Industrie Alimentara \u0219i Protec\u021bia Mediului, dar \u0219i studen\u021bi din anul IV.<\/div>\n<\/div>\n<div class=\"x11i5rnm xat24cr x1mh8g0r x1vvkbs xtlvy1s x126k92a\">\n<div dir=\"auto\"><span class=\"x3nfvp2 x1j61x8r x1fcty0u xdj266r xhhsvwb xat24cr xgzva0m xxymvpz xlup9mm x1kky2od\"><img loading=\"lazy\" decoding=\"async\" src=\"https:\/\/static.xx.fbcdn.net\/images\/emoji.php\/v9\/tbd\/1\/16\/1f34f.png\" alt=\"\ud83c\udf4f\" width=\"16\" height=\"16\" \/><\/span><span class=\"x3nfvp2 x1j61x8r x1fcty0u xdj266r xhhsvwb xat24cr xgzva0m xxymvpz xlup9mm x1kky2od\"><img loading=\"lazy\" decoding=\"async\" src=\"https:\/\/static.xx.fbcdn.net\/images\/emoji.php\/v9\/t3c\/1\/16\/1f34e.png\" alt=\"\ud83c\udf4e\" width=\"16\" height=\"16\" \/><\/span> Totodat\u0103, al\u0103turi de noi, au fost cu gustoasele mere \u0219i sucuri naturale Livada Rodiana <a class=\"x1i10hfl xjbqb8w x6umtig x1b1mbwd xaqea5y xav7gou x9f619 x1ypdohk xt0psk2 xe8uvvx xdj266r x11i5rnm xat24cr x1mh8g0r xexx8yu x4uap5 x18d9i69 xkhd6sd x16tdsg8 x1hl2dhg xggy1nq x1a2a7pz xt0b8zv x1qq9wsj xo1l8bm\" tabindex=\"0\" role=\"link\" href=\"https:\/\/www.facebook.com\/hashtag\/rodinlivada?__eep__=6&amp;__cft__[0]=AZVeUGRg9bUGobTRwazZQP9gnaromod0o_DOkHSOVgAnK2iZ7NexxbplRxwrior67atrLLL6xMnWd-CiI1g4LYPQrsPH0cE0jRB2p51V5fCtTx0lEGs7QBBYEoHvvJahTo0-FswNfystPEpfWWWUEXshcDCWTWSbONk24pOU1mtk4DbMu8F6_cq50SVm6BgWu0EB0Hk0pdEIUCm1QaNeReC8&amp;__tn__=*NK-y-R\">#rodinlivada<\/a>.<\/div>\n<\/div>\n","protected":false},"excerpt":{"rendered":"<p>De Ziua Na\u021bional\u0103 a Produsului Agroalimentar Rom\u00e2nesc, sala de \u0219edin\u021be a Consiliului Jude\u021bean Sibiu a fost plin\u0103 de voie bun\u0103. Peste 75 de copii de la \u0218coala nr.2 din Sibiu, \u00eenso\u021bi\u021bi de \u00eenv\u0103\u021b\u0103toare au ascultat cu interes ce \u00eenseamn\u0103 produsele&hellip;<\/p>\n","protected":false},"author":1,"featured_media":8179,"comment_status":"closed","ping_status":"closed","sticky":false,"template":"","format":"standard","meta":{"footnotes":""},"categories":[3],"tags":[],"class_list":["post-8178","post","type-post","status-publish","format-standard","has-post-thumbnail","hentry","category-evenimente","entry","has-media"],"_links":{"self":[{"href":"https:\/\/saiapm.ulbsibiu.ro\/index.php\/wp-json\/wp\/v2\/posts\/8178"}],"collection":[{"href":"https:\/\/saiapm.ulbsibiu.ro\/index.php\/wp-json\/wp\/v2\/posts"}],"about":[{"href":"https:\/\/saiapm.ulbsibiu.ro\/index.php\/wp-json\/wp\/v2\/types\/post"}],"author":[{"embeddable":true,"href":"https:\/\/saiapm.ulbsibiu.ro\/index.php\/wp-json\/wp\/v2\/users\/1"}],"replies":[{"embeddable":true,"href":"https:\/\/saiapm.ulbsibiu.ro\/index.php\/wp-json\/wp\/v2\/comments?post=8178"}],"version-history":[{"count":1,"href":"https:\/\/saiapm.ulbsibiu.ro\/index.php\/wp-json\/wp\/v2\/posts\/8178\/revisions"}],"predecessor-version":[{"id":8180,"href":"https:\/\/saiapm.ulbsibiu.ro\/index.php\/wp-json\/wp\/v2\/posts\/8178\/revisions\/8180"}],"wp:featuredmedia":[{"embeddable":true,"href":"https:\/\/saiapm.ulbsibiu.ro\/index.php\/wp-json\/wp\/v2\/media\/8179"}],"wp:attachment":[{"href":"https:\/\/saiapm.ulbsibiu.ro\/index.php\/wp-json\/wp\/v2\/media?parent=8178"}],"wp:term":[{"taxonomy":"category","embeddable":true,"href":"https:\/\/saiapm.ulbsibiu.ro\/index.php\/wp-json\/wp\/v2\/categories?post=8178"},{"taxonomy":"post_tag","embeddable":true,"href":"https:\/\/saiapm.ulbsibiu.ro\/index.php\/wp-json\/wp\/v2\/tags?post=8178"}],"curies":[{"name":"wp","href":"https:\/\/api.w.org\/{rel}","templated":true}]}}