{"id":7695,"date":"2022-02-17T11:45:54","date_gmt":"2022-02-17T11:45:54","guid":{"rendered":"https:\/\/saiapm.ulbsibiu.ro\/?p=7695"},"modified":"2022-02-17T11:45:54","modified_gmt":"2022-02-17T11:45:54","slug":"primaria-din-comuna-hoghilag-sibiu-prima-din-tara-care-va-folosi-in-serviciul-public-o-autoutilitara-electrica","status":"publish","type":"post","link":"https:\/\/saiapm.ulbsibiu.ro\/index.php\/2022\/02\/17\/primaria-din-comuna-hoghilag-sibiu-prima-din-tara-care-va-folosi-in-serviciul-public-o-autoutilitara-electrica\/","title":{"rendered":"Primaria din Comuna Hoghilag, Sibiu, prima din \u021bar\u0103 care va folosi in serviciul public o autoutilitar\u0103 electric\u0103"},"content":{"rendered":"<div class=\"kvgmc6g5 cxmmr5t8 oygrvhab hcukyx3x c1et5uql ii04i59q\">\n<div dir=\"auto\">Primaria din <span class=\"nc684nl6\">Comuna Hoghilag, Sibiu<\/span>, prima din \u021bar\u0103 care va folosi in serviciul public o autoutilitar\u0103 electric\u0103! Care este proiectat\u0103 \u0219i produs\u0103 integral in Rom\u00e2nia,la Bra\u0219ov, de un grup de tineri ingineri care se \u00eenc\u0103p\u0103\u021b\u00e2neaz\u0103 sa nu plece de pe amplasamentul fostei uzine &#8220;Tractorul&#8221;!<\/div>\n<\/div>\n<div class=\"cxmmr5t8 oygrvhab hcukyx3x c1et5uql o9v6fnle ii04i59q\">\n<div dir=\"auto\">Parteneriatul este posibil cu <span class=\"nc684nl6\">EMove Util<\/span> ca solu\u021bie, <span class=\"nc684nl6\">Facultatea de \u015etiin\u0163e Agricole, Industrie Alimentar\u0103 \u015fi Protec\u0163ia Mediului<\/span> cu conceptul, \u0219i Prim\u0103ria Hoghilag jud.Sibiu cu deschiderea la nou \u0219i verde!<\/div>\n<div dir=\"auto\">Timp de 6 luni o vom testa la Hoghilag, si vom \u00eencerca s\u0103 dezvolt\u0103m in acest timp o versiune special pentru fermieri!<\/div>\n<\/div>\n","protected":false},"excerpt":{"rendered":"<p>Primaria din Comuna Hoghilag, Sibiu, prima din \u021bar\u0103 care va folosi in serviciul public o autoutilitar\u0103 electric\u0103! Care este proiectat\u0103 \u0219i produs\u0103 integral in Rom\u00e2nia,la Bra\u0219ov, de un grup de tineri ingineri care se \u00eenc\u0103p\u0103\u021b\u00e2neaz\u0103 sa nu plece de pe&hellip;<\/p>\n","protected":false},"author":1,"featured_media":7696,"comment_status":"closed","ping_status":"closed","sticky":false,"template":"","format":"standard","meta":{"footnotes":""},"categories":[3],"tags":[],"class_list":["post-7695","post","type-post","status-publish","format-standard","has-post-thumbnail","hentry","category-evenimente","entry","has-media"],"_links":{"self":[{"href":"https:\/\/saiapm.ulbsibiu.ro\/index.php\/wp-json\/wp\/v2\/posts\/7695"}],"collection":[{"href":"https:\/\/saiapm.ulbsibiu.ro\/index.php\/wp-json\/wp\/v2\/posts"}],"about":[{"href":"https:\/\/saiapm.ulbsibiu.ro\/index.php\/wp-json\/wp\/v2\/types\/post"}],"author":[{"embeddable":true,"href":"https:\/\/saiapm.ulbsibiu.ro\/index.php\/wp-json\/wp\/v2\/users\/1"}],"replies":[{"embeddable":true,"href":"https:\/\/saiapm.ulbsibiu.ro\/index.php\/wp-json\/wp\/v2\/comments?post=7695"}],"version-history":[{"count":1,"href":"https:\/\/saiapm.ulbsibiu.ro\/index.php\/wp-json\/wp\/v2\/posts\/7695\/revisions"}],"predecessor-version":[{"id":7697,"href":"https:\/\/saiapm.ulbsibiu.ro\/index.php\/wp-json\/wp\/v2\/posts\/7695\/revisions\/7697"}],"wp:featuredmedia":[{"embeddable":true,"href":"https:\/\/saiapm.ulbsibiu.ro\/index.php\/wp-json\/wp\/v2\/media\/7696"}],"wp:attachment":[{"href":"https:\/\/saiapm.ulbsibiu.ro\/index.php\/wp-json\/wp\/v2\/media?parent=7695"}],"wp:term":[{"taxonomy":"category","embeddable":true,"href":"https:\/\/saiapm.ulbsibiu.ro\/index.php\/wp-json\/wp\/v2\/categories?post=7695"},{"taxonomy":"post_tag","embeddable":true,"href":"https:\/\/saiapm.ulbsibiu.ro\/index.php\/wp-json\/wp\/v2\/tags?post=7695"}],"curies":[{"name":"wp","href":"https:\/\/api.w.org\/{rel}","templated":true}]}}