{"id":7455,"date":"2021-08-04T07:26:27","date_gmt":"2021-08-04T07:26:27","guid":{"rendered":"http:\/\/saiapm.ulbsibiu.ro\/?p=7455"},"modified":"2021-08-04T07:26:27","modified_gmt":"2021-08-04T07:26:27","slug":"cazarea-in-caminele-studentesti-in-anul-universitar-2021-2022","status":"publish","type":"post","link":"https:\/\/saiapm.ulbsibiu.ro\/index.php\/2021\/08\/04\/cazarea-in-caminele-studentesti-in-anul-universitar-2021-2022\/","title":{"rendered":"Cazarea \u00een c\u0103minele studen\u021be\u0219ti \u00een anul universitar 2021\/2022"},"content":{"rendered":"<p>(Articol preluat de la https:\/\/www.ulbsibiu.ro\/news\/cazarea-in-caminele-studentesti-in-anul-universitar-2021-2022\/)<\/p>\n<p>\u021ain\u00e2nd cont de situa\u021bia pandemic\u0103 \u0219i de m\u0103surile dispuse \u00een acest sens de autorit\u0103\u021bile competente, cazarea \u00een c\u0103minele administrate de\u00a0 Universitatea \u201eLucian Blaga\u201d din Sibiu poate fi condi\u021bionat\u0103 de dovada efectu\u0103rii schemei complete de vaccinare (COVID 19), sau a trecerii prin boal\u0103.<\/p>\n<p>Decizia \u00een acest sens, va fi luat\u0103 p\u00e2n\u0103 la data de 10 septembrie, \u00een func\u021bie de contextul epidemiologic \u0219i de reglement\u0103rile \u00een vigoare \u0219i va fi comunicat\u0103 prin afi\u0219are pe site-ul Universit\u0103\u021bii.<\/p>\n<p>Cei care solicit\u0103 un loc \u00een c\u0103minele administrate de Universitate sunt ruga\u021bi s\u0103 completeze cererea de cazare acces\u00e2nd linkul (\u00een perioada 3.08.2021\u00a0 \u2013 31.08.2021, ora 23:59):<\/p>\n<p><a href=\"https:\/\/forms.gle\/HdnrVw91fXxkEFhV7\">https:\/\/forms.gle\/HdnrVw91fXxkEFhV7<\/a><\/p>\n<p>Calendarul \u0219i detaliile procesului de cazare (conform Regulamentului privind cazarea \u00een c\u0103minele studen\u021be\u0219ti, art. 11, 12, 15, 17, 20)\u00a0 sunt disponibile\u00a0<strong><a href=\"https:\/\/campus.ulbsibiu.ro\/wp-content\/uploads\/Calendar-cazare-pentru-anul-universitar-2021.pdf\">aici<\/a>.<\/strong><\/p>\n<table id=\"tablepress-27\" class=\"tablepress tablepress-id-27 tablepress-responsive\" style=\"height: 832px;\" width=\"745\">\n<thead>\n<tr class=\"row-1 odd\">\n<th class=\"column-1\">Perioada<\/th>\n<th class=\"column-2\">Activitatea<\/th>\n<th class=\"column-3\">Responsabil<\/th>\n<\/tr>\n<\/thead>\n<tbody class=\"row-hover\">\n<tr class=\"row-2 even\">\n<td class=\"column-1\">3.08.2021 &#8211; 31.08.2021,<br \/>ora 23:59<\/td>\n<td class=\"column-2\">Completarea \u0219i transmiterea cererilor de<br \/>cazare<br \/><a href=\"https:\/\/forms.gle\/HdnrVw91fXxkEFhV7\" target=\"_blank\" rel=\"noopener noreferrer\">https:\/\/forms.gle\/HdnrVw91fXxkEFhV7<\/a><\/td>\n<td class=\"column-3\">Studen\u021bii admi\u0219i \u00een anul I \u0219i<br \/>studen\u021bii \u00eenmatricula\u021bi \u00een anii<br \/>II-VI<\/td>\n<\/tr>\n<tr class=\"row-3 odd\">\n<td class=\"column-1\">7 septembrie<\/td>\n<td class=\"column-2\">Afi\u0219area pe site-urile facult\u0103\u021bilor a<br \/>componen\u021bei Comisiilor de Cazare pe<br \/>facult\u0103\u021bi<\/td>\n<td class=\"column-3\">Prodecani responsabili cu<br \/>activit\u0103\u021bile studen\u021be\u0219ti<\/td>\n<\/tr>\n<tr class=\"row-4 even\">\n<td class=\"column-1\">8-9 septembrie<\/td>\n<td class=\"column-2\">Afi\u0219area pe site-urile facult\u0103\u021bilor a<br \/>listelor de cazare<\/td>\n<td class=\"column-3\">Comisiile de Cazare pe<br \/>facult\u0103\u021bi<\/td>\n<\/tr>\n<tr class=\"row-5 odd\">\n<td class=\"column-1\">9 septembrie<\/td>\n<td class=\"column-2\">Afi\u0219area pe site-ul ULBS a componen\u021bei<br \/>Comisiei Centrale de cazare<\/td>\n<td class=\"column-3\">Prorector Studen\u021bi \u0219i Rela\u021bia<br \/>cu Comunitatea<\/td>\n<\/tr>\n<tr class=\"row-6 even\">\n<td class=\"column-1\">10 septembrie<\/td>\n<td class=\"column-2\">Depunerea contesta\u021biilor<br \/><a href=\"https:\/\/forms.gle\/MkbKMCtyxt8fXsho8\" target=\"_blank\" rel=\"noopener noreferrer\">https:\/\/forms.gle\/MkbKMCtyxt8fXsho8<\/a><\/td>\n<td class=\"column-3\">Comisiile de Cazare pe<br \/>facult\u0103\u021bi<\/td>\n<\/tr>\n<tr class=\"row-7 odd\">\n<td class=\"column-1\">13 septembrie<\/td>\n<td class=\"column-2\">Afi\u0219area pe site-urile facult\u0103\u021bilor a<br \/>listelor de cazare dup\u0103 contesta\u021bii<\/td>\n<td class=\"column-3\">Comisiile de Cazare pe<br \/>facult\u0103\u021bi<\/td>\n<\/tr>\n<tr class=\"row-8 even\">\n<td class=\"column-1\">14 \u2013 15 septembrie<\/td>\n<td class=\"column-2\">Completarea \u0219i transmiterea<br \/>formularului de confirmare<br \/><a href=\"https:\/\/forms.gle\/xxEAj3fUqEMNkJT99\" target=\"_blank\" rel=\"noopener noreferrer\">https:\/\/forms.gle\/xxEAj3fUqEMNkJT99<\/a><\/td>\n<td class=\"column-3\">Studen\u021bii care confirm\u0103<\/td>\n<\/tr>\n<tr class=\"row-9 odd\">\n<td class=\"column-1\">20 septembrie<\/td>\n<td class=\"column-2\">Afi\u0219area listelor dup\u0103 confirm\u0103ri \u0219i<br \/>completarea locurilor r\u0103mase libere la<br \/>facult\u0103\u021bi<\/td>\n<td class=\"column-3\">Comisiile de Cazare pe<br \/>facult\u0103\u021bi<\/td>\n<\/tr>\n<tr class=\"row-10 even\">\n<td class=\"column-1\">23 septembrie<\/td>\n<td class=\"column-2\">Cazarea studen\u021bilor din anii IV-VI \u0219i a<br \/>studen\u021bilor masteranzi<\/td>\n<td class=\"column-3\">Administratorii de c\u0103mine,<br \/>Comisia Central\u0103 de cazare<\/td>\n<\/tr>\n<tr class=\"row-11 odd\">\n<td class=\"column-1\">24 septembrie<\/td>\n<td class=\"column-2\">Cazarea studen\u021bilor din anul III<\/td>\n<td class=\"column-3\">Administratorii de c\u0103mine,<br \/>Comisia Central\u0103 de cazare<\/td>\n<\/tr>\n<tr class=\"row-12 even\">\n<td class=\"column-1\">25 septembrie<\/td>\n<td class=\"column-2\">Cazarea studen\u021bilor din anul II<\/td>\n<td class=\"column-3\">Administratorii de c\u0103mine,<br \/>Comisia Central\u0103 de cazare<\/td>\n<\/tr>\n<tr class=\"row-13 odd\">\n<td class=\"column-1\">26 septembrie<\/td>\n<td class=\"column-2\">Cazarea studen\u021bilor admi\u0219i \u00een anul I<\/td>\n<td class=\"column-3\">Administratorii de c\u0103mine,<br \/>Comisia Central\u0103 de cazare<\/td>\n<\/tr>\n<tr class=\"row-14 even\">\n<td class=\"column-1\">28 septembrie<\/td>\n<td class=\"column-2\">Afi\u0219area listelor dup\u0103 cazare \u0219i<br \/>completarea locurilor r\u0103mase libere<\/td>\n<td class=\"column-3\">Comisia Central\u0103 de cazare<\/td>\n<\/tr>\n<\/tbody>\n<\/table>\n<p>Not\u0103:<br \/>1. Pentru \u00eentreb\u0103ri sau eventuale clarific\u0103ri, v\u0103 rug\u0103m s\u0103 trimite\u021bi un e-mail la adresa\u00a0<strong><a href=\"mailto:cazare.camine@ulbsibiu.ro\">cazare.camine@ulbsibiu.ro<\/a><\/strong><br \/>2. \u00cen procesul de cazare \u0219i redistribuire (p\u00e2n\u0103 la ocuparea locurilor \u00een c\u0103mine, \u00een sesiunea de cazare de anul acesta) se<br \/>va \u021bine cont doar de op\u021biunile de cazare precizate \u00een cererea de cazare. \u00cen acest sens, v\u0103 rug\u0103m s\u0103 v\u0103 exprima\u021bi<br \/>op\u021biunile pentru toate c\u0103minele universit\u0103\u021bii.<br \/>3. Doar cei care depun cerere de cazare \u00een perioada 3.08.2021 \u2013 31.08.2021, ora 23:59 vor putea participa la procesul<br \/>de cazare \u0219i redistribuire.<\/p>\n","protected":false},"excerpt":{"rendered":"<p>(Articol preluat de la https:\/\/www.ulbsibiu.ro\/news\/cazarea-in-caminele-studentesti-in-anul-universitar-2021-2022\/) \u021ain\u00e2nd cont de situa\u021bia pandemic\u0103 \u0219i de m\u0103surile dispuse \u00een acest sens de autorit\u0103\u021bile competente, cazarea \u00een c\u0103minele administrate de\u00a0 Universitatea \u201eLucian Blaga\u201d din Sibiu poate fi condi\u021bionat\u0103 de dovada efectu\u0103rii schemei complete de vaccinare&hellip;<\/p>\n","protected":false},"author":1,"featured_media":0,"comment_status":"closed","ping_status":"closed","sticky":false,"template":"","format":"standard","meta":{"footnotes":""},"categories":[27],"tags":[],"class_list":["post-7455","post","type-post","status-publish","format-standard","hentry","category-anunturi","entry","no-media"],"_links":{"self":[{"href":"https:\/\/saiapm.ulbsibiu.ro\/index.php\/wp-json\/wp\/v2\/posts\/7455"}],"collection":[{"href":"https:\/\/saiapm.ulbsibiu.ro\/index.php\/wp-json\/wp\/v2\/posts"}],"about":[{"href":"https:\/\/saiapm.ulbsibiu.ro\/index.php\/wp-json\/wp\/v2\/types\/post"}],"author":[{"embeddable":true,"href":"https:\/\/saiapm.ulbsibiu.ro\/index.php\/wp-json\/wp\/v2\/users\/1"}],"replies":[{"embeddable":true,"href":"https:\/\/saiapm.ulbsibiu.ro\/index.php\/wp-json\/wp\/v2\/comments?post=7455"}],"version-history":[{"count":2,"href":"https:\/\/saiapm.ulbsibiu.ro\/index.php\/wp-json\/wp\/v2\/posts\/7455\/revisions"}],"predecessor-version":[{"id":7457,"href":"https:\/\/saiapm.ulbsibiu.ro\/index.php\/wp-json\/wp\/v2\/posts\/7455\/revisions\/7457"}],"wp:attachment":[{"href":"https:\/\/saiapm.ulbsibiu.ro\/index.php\/wp-json\/wp\/v2\/media?parent=7455"}],"wp:term":[{"taxonomy":"category","embeddable":true,"href":"https:\/\/saiapm.ulbsibiu.ro\/index.php\/wp-json\/wp\/v2\/categories?post=7455"},{"taxonomy":"post_tag","embeddable":true,"href":"https:\/\/saiapm.ulbsibiu.ro\/index.php\/wp-json\/wp\/v2\/tags?post=7455"}],"curies":[{"name":"wp","href":"https:\/\/api.w.org\/{rel}","templated":true}]}}