{"id":5355,"date":"2019-11-05T07:36:58","date_gmt":"2019-11-05T07:36:58","guid":{"rendered":"http:\/\/saiapm.ulbsibiu.ro\/?p=5355"},"modified":"2019-11-05T07:52:18","modified_gmt":"2019-11-05T07:52:18","slug":"selectie-erasmus-studenti-pentru-semestrul-ii-2019-2020","status":"publish","type":"post","link":"https:\/\/saiapm.ulbsibiu.ro\/index.php\/2019\/11\/05\/selectie-erasmus-studenti-pentru-semestrul-ii-2019-2020\/","title":{"rendered":"Selec\u021bie Erasmus+ studen\u021bi pentru semestrul II 2019-2020"},"content":{"rendered":"[vc_row][vc_column][vc_column_text css=&#8221;.vc_custom_1572940228780{margin-top: 20px !important;margin-bottom: 30px !important;}&#8221; color=&#8221;#205f93&#8243; font_family=&#8221;Arial, Helvetica, sans-serif&#8221;]\n<p><span style=\"font-size: 32px;\"><b>Mobilit\u0103\u021bi Erasmus +<\/b><\/span><\/p>\n[\/vc_column_text][vc_column_text css=&#8221;.vc_custom_1572940307190{margin-bottom: 30px !important;}&#8221;]\n<p><span style=\"font-size: 21px; color: #205f93;\"><b>Selec\u021bie Erasmus+ studen\u021bi pentru semestrul II 2019-2020<\/b><\/span><\/p>\n[\/vc_column_text][vc_column_text]\n<p style=\"font-weight: 400;\">\u00cen data de 20 noiembrie 2019, ora 14.00, la Decanat, se va desf\u0103\u0219ura a doua rund\u0103 de selec\u021bie a studen\u021bilor pentru mobilit\u0103\u021bi Erasmus+ \u00een semestrul II al anului universitar 2019-2020.<\/p>\n<p style=\"font-weight: 400;\">Uuniversitatile unde puteti face mobilitatea sunt afisate la etajul IV!<\/p>\n<p style=\"font-weight: 400;\">Acte necesare pentru \u00eenscriere:<\/p>\n<p style=\"font-weight: 400;\">&#8211;\u00a0Formular de candidatur\u0103: un model se g\u0103se\u0219te la secretariat<\/p>\n<p style=\"font-weight: 400;\">&#8211;\u00a0CV Europass:\u00a0<a href=\"https:\/\/europass.cedefop.europa.eu\/ro\/documents\/curriculum-vitae\" data-saferedirecturl=\"https:\/\/www.google.com\/url?q=https:\/\/europass.cedefop.europa.eu\/ro\/documents\/curriculum-vitae&amp;source=gmail&amp;ust=1573025613166000&amp;usg=AFQjCNHL5NTp_RZ4KIQU5wL9fbgJkp5iwg\">https:\/\/europass.cedefop.europa.eu\/ro\/documents\/curriculum-vitae<\/a><\/p>\n<p style=\"font-weight: 400;\">&#8211;\u00a0Scrisoare de motiva\u021bie redactat\u0103 \u00een limba str\u0103in\u0103<\/p>\n<p style=\"font-weight: 400;\">&#8211; Extras dup\u0103 situa\u021bia \u0219colar\u0103 a semestrului\/semestrelor\/anului\/anilor preceden\u021bi: se face cerere la secretariat<\/p>\n<p style=\"font-weight: 400;\">&#8211;\u00a0Atestat de cunoa\u0219tere a limbii str\u0103ine: fie candidatul are deja atestat (Cambridge, etc.), fie se stabile\u0219te o dat\u0103 ulterioar\u0103 pentru examinare la Facultatea de Litere<\/p>\n<p style=\"font-weight: 400;\">-Fotocopii ale diplomelor \u0219i atestatelor profesionale ob\u021binute de candidat (op\u021bional)<\/p>\n<p style=\"font-weight: 400;\">Informa\u021bii suplimentare:\u00a0<a href=\"mailto:monica.mironescu@ulbsibiu.ro\">monica.mironescu@ulbsibiu.ro<\/a>\u00a0sau responsabilii Erasmus pe universit\u0103\u021bile partenere, sau tutorii de an.<\/p>\n<p style=\"font-weight: 400;\">V\u0103 invit\u0103m s\u0103 participa\u021bi la interviu!<\/p>\n<p style=\"font-weight: 400;\">\u00a0<\/p>\n<p style=\"font-weight: 400;\">Cu stim\u0103,<\/p>\n<p style=\"font-weight: 400;\">Echipa\u00a0<em><strong>Erasmus+<\/strong><\/em>\u00a0\u0218AIAPM<\/p>\n[\/vc_column_text][\/vc_column][\/vc_row]\n","protected":false},"excerpt":{"rendered":"<p>[vc_row][vc_column][vc_column_text css=&#8221;.vc_custom_1572940228780{margin-top: 20px !important;margin-bottom: 30px !important;}&#8221; color=&#8221;#205f93&#8243; font_family=&#8221;Arial, Helvetica, sans-serif&#8221;] Mobilit\u0103\u021bi Erasmus + [\/vc_column_text][vc_column_text css=&#8221;.vc_custom_1572940307190{margin-bottom: 30px !important;}&#8221;] Selec\u021bie Erasmus+ studen\u021bi pentru semestrul II 2019-2020 [\/vc_column_text][vc_column_text] \u00cen data de 20 noiembrie 2019, ora 14.00, la Decanat, se va desf\u0103\u0219ura a doua&hellip;<\/p>\n","protected":false},"author":1,"featured_media":0,"comment_status":"closed","ping_status":"closed","sticky":false,"template":"","format":"standard","meta":{"footnotes":""},"categories":[1],"tags":[],"class_list":["post-5355","post","type-post","status-publish","format-standard","hentry","category-uncategorized","entry","no-media"],"_links":{"self":[{"href":"https:\/\/saiapm.ulbsibiu.ro\/index.php\/wp-json\/wp\/v2\/posts\/5355"}],"collection":[{"href":"https:\/\/saiapm.ulbsibiu.ro\/index.php\/wp-json\/wp\/v2\/posts"}],"about":[{"href":"https:\/\/saiapm.ulbsibiu.ro\/index.php\/wp-json\/wp\/v2\/types\/post"}],"author":[{"embeddable":true,"href":"https:\/\/saiapm.ulbsibiu.ro\/index.php\/wp-json\/wp\/v2\/users\/1"}],"replies":[{"embeddable":true,"href":"https:\/\/saiapm.ulbsibiu.ro\/index.php\/wp-json\/wp\/v2\/comments?post=5355"}],"version-history":[{"count":7,"href":"https:\/\/saiapm.ulbsibiu.ro\/index.php\/wp-json\/wp\/v2\/posts\/5355\/revisions"}],"predecessor-version":[{"id":5362,"href":"https:\/\/saiapm.ulbsibiu.ro\/index.php\/wp-json\/wp\/v2\/posts\/5355\/revisions\/5362"}],"wp:attachment":[{"href":"https:\/\/saiapm.ulbsibiu.ro\/index.php\/wp-json\/wp\/v2\/media?parent=5355"}],"wp:term":[{"taxonomy":"category","embeddable":true,"href":"https:\/\/saiapm.ulbsibiu.ro\/index.php\/wp-json\/wp\/v2\/categories?post=5355"},{"taxonomy":"post_tag","embeddable":true,"href":"https:\/\/saiapm.ulbsibiu.ro\/index.php\/wp-json\/wp\/v2\/tags?post=5355"}],"curies":[{"name":"wp","href":"https:\/\/api.w.org\/{rel}","templated":true}]}}