{"id":4393,"date":"2018-05-16T05:07:37","date_gmt":"2018-05-16T05:07:37","guid":{"rendered":"http:\/\/saiapm.ulbsibiu.ro\/?p=4393"},"modified":"2018-05-16T05:07:37","modified_gmt":"2018-05-16T05:07:37","slug":"finalizarea-trainigului-2-din-cadrul-proiectul-knowinfood","status":"publish","type":"post","link":"https:\/\/saiapm.ulbsibiu.ro\/index.php\/2018\/05\/16\/finalizarea-trainigului-2-din-cadrul-proiectul-knowinfood\/","title":{"rendered":"Finalizarea Trainigului 2 din cadrul proiectul KNOWinFOOD"},"content":{"rendered":"<p>\u00cen perioada 17-24 aprilie 2018 s-a desf\u0103\u0219urat cel de-al doilea training din cadrul proiectului KNOWinFOOD. Au participat la el patru studen\u021bi \u0219i cinci traineri de la Facultatea \u0218AIAPM. Partea aplicativ\u0103 a trainingului s-a desf\u0103\u0219urat la Solina-Supremia Alba-Iulia \u0219i Amylon Sibiu. Acum, la finalizarea programului, am cules c\u00e2teva impresii ale studen\u021bilor \u0219i trainerilor:<\/p>\n<p>Andreea Mih\u0103il\u0103, anul II ACSA, cursant: \u201dApreciez foarte mult deschiderea industriei pentru ideile noastre si colaborarea cu speciali\u0219tii din fabric\u0103. Pe durata stagiului au fost foarte apropia\u021bi de noi; ne-am sim\u021bit ca \u00eentr-o familie. Am colaborat foarte bine cu trainerii cadre didactice\u201d.<\/p>\n<p>Ilie B\u00eersan, anul III IPA, cursant: \u201d\u00cemi pare r\u0103u c\u0103 trainingul a durat at\u00e2t de pu\u021bin; a fost o experien\u021b\u0103 foarte pl\u0103cut\u0103, m-am bucurat de toate momentele petrecute \u00eempreun\u0103. To\u021bi colegii \u0219i trainerii au fost foarte implica\u021bi\u201d.<\/p>\n<p>Nicoleta Valentina David, anul III IMAPA, cursant: \u201dMi-e greu s\u0103 spun ce mi-a pl\u0103cut mai mult: c\u0103 am \u00eenv\u0103\u021bat at\u00e2t de multe \u00eentr-un timp at\u00e2t de scurt, c\u0103 am exersat limba englez\u0103, c\u0103 mi-am f\u0103cut prieteni noi \u2026 M-am \u00eembog\u0103\u021bit foarte mult, sunt foarte \u00eenc\u00e2ntat\u0103 c\u0103 am avut experien\u021ba KNOWinFOOD\u201d.<\/p>\n<p>Bety Kalman, anul II IPA, cursant: \u201dMi-a pl\u0103cut c\u0103 am cunoscut oameni noi din diverse culturi. Am \u00eenv\u0103\u021bat \u00eentr-un mod pl\u0103cut s\u0103 ob\u021binem alimente. Progamul a fost foarte atractiv, \u00eembin\u00e2nd partea de activit\u0103\u021bi practice cu workshop-uri \u0219i excursii\u201d.<\/p>\n<p>Florin Ti\u021bescu anul IV CEPA, fost cursant la Trainingul 1 \u0219i actual trainer din partea Solina: \u201dCa fost cursant \u0219i actual trainer, pot spune c\u0103 programul este incitant \u0219i pl\u0103cut, \u00een acela\u0219i timp. Mi-am exersat din nou limba englez\u0103, am lucrat cu colegii (dar altfel), m-am bucurat de fiecare moment\u201d.<\/p>\n<p>Prof. dr. ing. Mihaela Ti\u021ba, trainer: \u201dProiectul propune un concept inovativ de educa\u021bie, care place foarte mult tinerilor, dar \u0219i trainerilor. Cel mai mare c\u00e2\u0219tig a fost bucuria \u0219i entuziasmul cursan\u021bilor de a lucra \u00eempreun\u0103 \u0219i de a ob\u021bine rezultate concrete. Consider acest training o reu\u0219it\u0103 at\u00e2t pentru studen\u021bi, c\u00e2t \u0219i pentru traineri\u201d.<\/p>\n<p>Conf. Dr. Cecilia Georgescu, trainer: \u201dAceast\u0103 abordare a \u00eencurajat lucrul \u00een echip\u0103 al studen\u021bilor, inova\u021bia \u0219i cons\u021biin\u021ba lucrului bine f\u0103cut.\u00a0 Apreciez faptul c\u0103 noi, cadrele didactice am fost parteneri ai studen\u021bilor, pe tot parcursul proiectului av\u00e2nd cu ace\u0219tia o rela\u021bie deschis\u0103, de prietenie care s-a materializat in produse alimentare inovative. \u00centr-un timp relativ scurt am realizat foarte multe lucruri. Studen\u021bii au plecat cu cuno\u0219tin\u021be de specialitate noi, cu deprinderi de lucru noi \u0219i cu mul\u021bi prieteni\u201d.<\/p>\n<p>Conf. dr. ing. Monica Mironescu, trainer: \u201dAm avut de coordonat dou\u0103 echipe \u0219i a fost destul de provocator, dar provocarea a fost pl\u0103cut\u0103, iar rezultatele au fost \u0219i mai pl\u0103cute. Proiectul este stimulativ \u0219i pentru traineri, nu numai pentru cursan\u021bi; ne-am antrenat al\u0103turi de ei, am petrecut foarte multe ore palpitante al\u0103turi de ei, ne-am \u0219i relaxat al\u0103turi de ei, pot spune c\u0103 am devenit cumva conecta\u021bi. Sunt sigur\u0103 c\u0103 aceast\u0103 conexiune se va p\u0103stra \u0219i va da roade. A\u0219tept urm\u0103toarea provocare!\u201d<\/p>\n<p>Cornelia Do\u0219te\u021ban-Ab\u0103laru, organiza\u021bia comercial\u0103 Apilife SRL, fost student al facult\u0103\u021bii \u0219i actual om de afaceri de succes, care a dat dou\u0103 dintre task-uri: \u201dPentru mine a fost o experien\u021b\u0103 grozav\u0103 , cu rezultate foarte bune. \u00a0Am apreciat faptul c\u0103 am lucrat \u00een echip\u0103 cu trainerii \u0219i cu studen\u021bii. Mi-a pl\u0103cut atmosfera foarte pozitiv\u0103, mediul agreabil creat \u00een jurul studen\u021bilor, bursa de idei foarte stimulativ\u0103 pentru mediul de afaceri\u201d.<\/p>\n<p>Ion Mironescu, coordonatorul proiectului: \u201dAm primit feedback-uri foarte bune \u0219i de aceast\u0103 dat\u0103. Toat\u0103 lumea, cursan\u021bi \u0219i traineri, deopotriv\u0103, a fost \u00eenc\u00e2ntat\u0103 de tot ce a presupus programul; au apreciat cu to\u021bii nu numai activit\u0103\u021bile didactice \u0219i workshop-urile, dar \u0219i momentele de relaxare, care au permis \u00eent\u0103rirea echipelor \u0219i \u00eenchegarea de prietenii \u0219i cunoa\u0219terea Rom\u00e2niei de c\u0103tre colegii \u0219i studen\u021bii din str\u0103in\u0103tate. Efortul nostru, de organizatori, nu a fost \u00een zadar, \u0219i am v\u0103zut aceasta pe fe\u021bele tuturor. Doresc s\u0103 apreciez \u00een mod deosebit implicarea \u0219i ajutorul industriei la acest training. Ne-au fost al\u0103turi necondi\u021bionat at\u00e2t colegii de la Solina (partenerii no\u0219tri direc\u021bi \u00een acest proiect, cu care avem deja colabor\u0103ri de succes \u0219i al\u0103turi de care am rezolvat dou\u0103 task-uri pe durata acestui training), dar \u0219i colegii de la Amylon, unde am lucrat al\u0103turi de fo\u0219ti \u0219i actuali studen\u021bi la realizarea celorlalte dou\u0103 task-uri. Le mul\u021bumesc tuturor celor implica\u021bi \u00een acest program, colegi de la facultate \u0219i studen\u021bi. M-a\u0219 bucura foarte mult ca s\u0103 avem c\u00e2t mai mul\u021bi studen\u021bi \u00eenscri\u0219i pentru\u00a0 urm\u0103torul training \u00een octombrie 2018\u201d.<\/p>\n","protected":false},"excerpt":{"rendered":"<p>\u00cen perioada 17-24 aprilie 2018 s-a desf\u0103\u0219urat cel de-al doilea training din cadrul proiectului KNOWinFOOD. Au participat la el patru studen\u021bi \u0219i cinci traineri de la Facultatea \u0218AIAPM. Partea aplicativ\u0103 a trainingului s-a desf\u0103\u0219urat la Solina-Supremia Alba-Iulia \u0219i Amylon Sibiu.&hellip;<\/p>\n","protected":false},"author":1,"featured_media":4394,"comment_status":"closed","ping_status":"closed","sticky":false,"template":"","format":"standard","meta":{"footnotes":""},"categories":[1],"tags":[],"class_list":["post-4393","post","type-post","status-publish","format-standard","has-post-thumbnail","hentry","category-uncategorized","entry","has-media"],"_links":{"self":[{"href":"https:\/\/saiapm.ulbsibiu.ro\/index.php\/wp-json\/wp\/v2\/posts\/4393"}],"collection":[{"href":"https:\/\/saiapm.ulbsibiu.ro\/index.php\/wp-json\/wp\/v2\/posts"}],"about":[{"href":"https:\/\/saiapm.ulbsibiu.ro\/index.php\/wp-json\/wp\/v2\/types\/post"}],"author":[{"embeddable":true,"href":"https:\/\/saiapm.ulbsibiu.ro\/index.php\/wp-json\/wp\/v2\/users\/1"}],"replies":[{"embeddable":true,"href":"https:\/\/saiapm.ulbsibiu.ro\/index.php\/wp-json\/wp\/v2\/comments?post=4393"}],"version-history":[{"count":1,"href":"https:\/\/saiapm.ulbsibiu.ro\/index.php\/wp-json\/wp\/v2\/posts\/4393\/revisions"}],"predecessor-version":[{"id":4395,"href":"https:\/\/saiapm.ulbsibiu.ro\/index.php\/wp-json\/wp\/v2\/posts\/4393\/revisions\/4395"}],"wp:featuredmedia":[{"embeddable":true,"href":"https:\/\/saiapm.ulbsibiu.ro\/index.php\/wp-json\/wp\/v2\/media\/4394"}],"wp:attachment":[{"href":"https:\/\/saiapm.ulbsibiu.ro\/index.php\/wp-json\/wp\/v2\/media?parent=4393"}],"wp:term":[{"taxonomy":"category","embeddable":true,"href":"https:\/\/saiapm.ulbsibiu.ro\/index.php\/wp-json\/wp\/v2\/categories?post=4393"},{"taxonomy":"post_tag","embeddable":true,"href":"https:\/\/saiapm.ulbsibiu.ro\/index.php\/wp-json\/wp\/v2\/tags?post=4393"}],"curies":[{"name":"wp","href":"https:\/\/api.w.org\/{rel}","templated":true}]}}