{"id":4161,"date":"2018-03-13T14:30:39","date_gmt":"2018-03-13T14:30:39","guid":{"rendered":"http:\/\/saiapm.ulbsibiu.ro\/?p=4161"},"modified":"2019-05-15T10:09:39","modified_gmt":"2019-05-15T10:09:39","slug":"simpozionului-national-studentesc-interferente-culturale-in-gastronomie","status":"publish","type":"post","link":"https:\/\/saiapm.ulbsibiu.ro\/index.php\/2018\/03\/13\/simpozionului-national-studentesc-interferente-culturale-in-gastronomie\/","title":{"rendered":"Simpozionului na\u021bional studen\u021besc \u201cInterferen\u021be culturale \u00een gastronomie\u201d"},"content":{"rendered":"[vc_row][vc_column][vc_empty_space][vc_row_inner][vc_column_inner width=&#8221;1\/4&#8243;][vc_single_image image=&#8221;4385&#8243;][\/vc_column_inner][vc_column_inner width=&#8221;1\/2&#8243;][vc_column_text]\n<p>&nbsp;<\/p>\n<p style=\"text-align: center;\"><span style=\"font-size: 24px;\"><strong>Simpozionului Na\u021bional Studen\u021besc <\/strong><\/span><\/p>\n<p style=\"text-align: center;\"><span style=\"font-size: 24px;\"><strong>\u201cInterferen\u021be culturale \u00een gastronomie\u201d, <\/strong><\/span><\/p>\n<p style=\"text-align: center;\"><span style=\"font-size: 24px;\"><strong>16-19 mai 2019, Sibiu<\/strong><\/span><\/p>\n[\/vc_column_text][\/vc_column_inner][vc_column_inner width=&#8221;1\/4&#8243;][vc_single_image image=&#8221;4386&#8243;][\/vc_column_inner][\/vc_row_inner][vc_row_inner][vc_column_inner width=&#8221;1\/2&#8243;][vc_column_text]\n<p><span style=\"font-size: 18px;\"><strong>Descriere<\/strong><\/span><\/p>\n<p><span style=\"font-size: 18px;\">Simpozionul se deruleaz\u0103 sub egida Ministerului Educa\u021biei Na\u021bionale \u0219i Sibiu Regiune Gastronomic\u0103 European\u0103 &#8211; 2019, motiv care ne-a determinat s\u0103 oferim posibilitatea studen\u021bilor din \u021bar\u0103 de a participa la un concurs de gastronomie intitulat \u201cPreparat de baz\u0103 \u00een luna florilor\u201d.<\/span><\/p>\n[\/vc_column_text]<div style=\"font-size:16px;color:#1e73be;font-weight:400;\" class=\"vcex-module vcex-list_item vc_custom_1557914617986\"><a href=\"http:\/\/saiapm.ulbsibiu.ro\/wp-content\/uploads\/2018\/03\/Program-conferinta-studenteasca-16-19-mai-2019.pdf\" style=\"color:#1e73be;\"><div class=\"vcex-icon-wrap\" style=\"color:#dd3333;\"><span class=\"fa fa-file-pdf-o\"><\/span><\/div>Programul simpozionului.pdf<\/a><\/div>[\/vc_column_inner][vc_column_inner width=&#8221;1\/2&#8243;][vc_column_text]\n<p><span style=\"font-size: 16px;\"><strong>Comitet de organizare \u2013 Universitatea &#8220;Lucian Blaga&#8221; Sibiu, Facultatea de \u0218tiin\u021be Agricole, Industrie Alimentar\u0103 \u0219i Protec\u021bia Mediului<\/strong><\/span><\/p>\n<p><span style=\"font-size: 16px;\">Prof. univ. dr. ing. Camelia Sava<\/span><\/p>\n<p><span style=\"font-size: 16px;\">Sef lucr. dr. ing. Anca Tulbure<\/span><\/p>\n<p><span style=\"font-size: 16px;\">Sef lucr. dr. ing. Cristina Danciu<\/span><\/p>\n<p><span style=\"font-size: 16px;\">Sef lucr. dr. ing. Cristina Moise<\/span><\/p>\n<p><span style=\"font-size: 16px;\">Sef lucr. dr. ing. George Moise<\/span><\/p>\n<p><span style=\"font-size: 16px;\">Conf. dr. ing. Mirela C\u0103r\u0103tu\u0219<\/span><\/p>\n<p><span style=\"font-size: 16px;\">Sef lucr. dr. ing. Mihai Ognean<\/span><\/p>\n<p><span style=\"font-size: 16px;\">Conf. univ. dr.\u00a0 Mihaela Antofie<\/span><\/p>\n<p><span style=\"font-size: 16px;\">Sef lucr. dr. ing. Ciprian C\u0103p\u0103\u021b\u00e2n\u0103<\/span><\/p>\n[\/vc_column_text][\/vc_column_inner][\/vc_row_inner][\/vc_column][\/vc_row]\n","protected":false},"excerpt":{"rendered":"<p>[vc_row][vc_column][vc_empty_space][vc_row_inner][vc_column_inner width=&#8221;1\/4&#8243;][vc_single_image image=&#8221;4385&#8243;][\/vc_column_inner][vc_column_inner width=&#8221;1\/2&#8243;][vc_column_text] &nbsp; Simpozionului Na\u021bional Studen\u021besc \u201cInterferen\u021be culturale \u00een gastronomie\u201d, 16-19 mai 2019, Sibiu [\/vc_column_text][\/vc_column_inner][vc_column_inner width=&#8221;1\/4&#8243;][vc_single_image image=&#8221;4386&#8243;][\/vc_column_inner][\/vc_row_inner][vc_row_inner][vc_column_inner width=&#8221;1\/2&#8243;][vc_column_text] Descriere Simpozionul se deruleaz\u0103 sub egida Ministerului Educa\u021biei Na\u021bionale \u0219i Sibiu Regiune Gastronomic\u0103 European\u0103 &#8211; 2019, motiv care ne-a determinat&hellip;<\/p>\n","protected":false},"author":1,"featured_media":0,"comment_status":"closed","ping_status":"closed","sticky":false,"template":"","format":"standard","meta":{"footnotes":""},"categories":[1],"tags":[],"class_list":["post-4161","post","type-post","status-publish","format-standard","hentry","category-uncategorized","entry","no-media"],"_links":{"self":[{"href":"https:\/\/saiapm.ulbsibiu.ro\/index.php\/wp-json\/wp\/v2\/posts\/4161"}],"collection":[{"href":"https:\/\/saiapm.ulbsibiu.ro\/index.php\/wp-json\/wp\/v2\/posts"}],"about":[{"href":"https:\/\/saiapm.ulbsibiu.ro\/index.php\/wp-json\/wp\/v2\/types\/post"}],"author":[{"embeddable":true,"href":"https:\/\/saiapm.ulbsibiu.ro\/index.php\/wp-json\/wp\/v2\/users\/1"}],"replies":[{"embeddable":true,"href":"https:\/\/saiapm.ulbsibiu.ro\/index.php\/wp-json\/wp\/v2\/comments?post=4161"}],"version-history":[{"count":8,"href":"https:\/\/saiapm.ulbsibiu.ro\/index.php\/wp-json\/wp\/v2\/posts\/4161\/revisions"}],"predecessor-version":[{"id":5666,"href":"https:\/\/saiapm.ulbsibiu.ro\/index.php\/wp-json\/wp\/v2\/posts\/4161\/revisions\/5666"}],"wp:attachment":[{"href":"https:\/\/saiapm.ulbsibiu.ro\/index.php\/wp-json\/wp\/v2\/media?parent=4161"}],"wp:term":[{"taxonomy":"category","embeddable":true,"href":"https:\/\/saiapm.ulbsibiu.ro\/index.php\/wp-json\/wp\/v2\/categories?post=4161"},{"taxonomy":"post_tag","embeddable":true,"href":"https:\/\/saiapm.ulbsibiu.ro\/index.php\/wp-json\/wp\/v2\/tags?post=4161"}],"curies":[{"name":"wp","href":"https:\/\/api.w.org\/{rel}","templated":true}]}}