{"id":1198,"date":"2016-10-22T07:01:41","date_gmt":"2016-10-22T07:01:41","guid":{"rendered":"http:\/\/saiapm.ulbsibiu.ro\/?p=1198"},"modified":"2016-10-22T07:01:52","modified_gmt":"2016-10-22T07:01:52","slug":"incheiere-proiect-debut-in-cariera-2017","status":"publish","type":"post","link":"https:\/\/saiapm.ulbsibiu.ro\/index.php\/2016\/10\/22\/incheiere-proiect-debut-in-cariera-2017\/","title":{"rendered":"Incheiere proiect Debut \u00een carier\u0103 2016"},"content":{"rendered":"<div class=\"t pg-1m0 pg-1x0 pg-1h2 pg-1y1 pg-1ff1 pg-1fs0 pg-1fc0 pg-1sc0 pg-1ls0 pg-1ws0\">\n<p>Ieri 20 octombrie &#8211; s-a \u00eencheiat edi\u021bia a III a proiectului Debut \u00een Carier\u0103 2016, organizat \u0219i sus\u021binut de compania S.C. Supremia Grup S.R.L. din Alba Iulia. Studen\u021bii Facult\u0103\u021bii \u0218.A.I.A.P.M. au fost implica\u021bi \u00een acest proiect \u00eenc\u0103 de la prima edi\u021bie reu\u0219ind performan\u021be notabile.<\/p>\n<p>Dup\u0103 luni de documentare teoretic\u0103, dup\u0103 c\u00e2teva s\u0103pt\u0103m\u00e2ni de practic\u0103 propriu zis\u0103, dup\u0103 evaluarea de alalt\u0103ieri, iat\u0103 c\u0103 cei mai buni dintre cei buni au fost premia\u021bi! Felicit\u0103ri c\u00e2\u0219tig\u0103torilor: COCEBAN ELENA, Universitatea Lucian Blaga Sibiu, S\u00c2RB ADINA, Universitatea 1 Decembrie 1928 Alba Iulia , TITESCU FLORIN, Universitatea Lucian Blaga Sibiu \u0219i IANCU VIOLETA, Universitatea Dun\u0103rea de Jos Gala\u021bi. Ei au plecat acas\u0103 cu premii \u00een bani \u0219i cu \u0219ansa unui contract de munc\u0103 pe perioad\u0103 nedeterminat\u0103 la Supremia!<\/p>\n<p>S-au remarcat \u0219i au fost premia\u021bi \u0219i studen\u021bii Fr\u0103\u021bil\u0103 Ioana, Bi\u0219boac\u0103 Adelina, Mihu Angel, Gheorghescu Andreea \u0219i Condei Amalia, din partea Universitatea Lucian Blaga Sibiu \u0219i Baicu Andreea \u0219i Furtun\u0103 Nicoleta din partea Universit\u0103\u021bii Dun\u0103rea de Jos Gala\u021bi.<\/p>\n<p>Felicit\u0103ri tuturor studen\u021bilor implica\u021bi, felicit\u0103ri cadrelor didactice care prin implicare \u0219i d\u0103ruire au sus\u021binut performan\u021bele studen\u021bilor no\u0219tri.<\/p>\n<p>Felicit\u0103ri echipei de proiect Supremia care crede \u00een dezvoltarea oamenilor!<\/p>\n<p><strong>Asteptam cu ner\u0103bdare viitorul proiect Debut \u00een carier\u0103 2017!<\/strong><\/p>\n<p>Legatura cu linku-ul pentru a vedea pozele din acest an:\u00a0<a href=\"https:\/\/www.facebook.com\/supremiagrup\/photos\/pcb.872730739494463\/872728026161401\/?type=3&amp;theater\">https:\/\/www.facebook.com\/supremiagrup\/photos\/pcb.872730739494463\/872728026161401\/?type=3&amp;theater<\/a><\/p>\n<\/div>\n","protected":false},"excerpt":{"rendered":"<p>Ieri 20 octombrie &#8211; s-a \u00eencheiat edi\u021bia a III a proiectului Debut \u00een Carier\u0103 2016, organizat \u0219i sus\u021binut de compania S.C. Supremia Grup S.R.L. din Alba Iulia. Studen\u021bii Facult\u0103\u021bii \u0218.A.I.A.P.M. au fost implica\u021bi \u00een acest proiect \u00eenc\u0103 de la prima&hellip;<\/p>\n","protected":false},"author":1,"featured_media":0,"comment_status":"closed","ping_status":"closed","sticky":false,"template":"","format":"standard","meta":{"footnotes":""},"categories":[1],"tags":[],"class_list":["post-1198","post","type-post","status-publish","format-standard","hentry","category-uncategorized","entry","no-media"],"_links":{"self":[{"href":"https:\/\/saiapm.ulbsibiu.ro\/index.php\/wp-json\/wp\/v2\/posts\/1198"}],"collection":[{"href":"https:\/\/saiapm.ulbsibiu.ro\/index.php\/wp-json\/wp\/v2\/posts"}],"about":[{"href":"https:\/\/saiapm.ulbsibiu.ro\/index.php\/wp-json\/wp\/v2\/types\/post"}],"author":[{"embeddable":true,"href":"https:\/\/saiapm.ulbsibiu.ro\/index.php\/wp-json\/wp\/v2\/users\/1"}],"replies":[{"embeddable":true,"href":"https:\/\/saiapm.ulbsibiu.ro\/index.php\/wp-json\/wp\/v2\/comments?post=1198"}],"version-history":[{"count":4,"href":"https:\/\/saiapm.ulbsibiu.ro\/index.php\/wp-json\/wp\/v2\/posts\/1198\/revisions"}],"predecessor-version":[{"id":1202,"href":"https:\/\/saiapm.ulbsibiu.ro\/index.php\/wp-json\/wp\/v2\/posts\/1198\/revisions\/1202"}],"wp:attachment":[{"href":"https:\/\/saiapm.ulbsibiu.ro\/index.php\/wp-json\/wp\/v2\/media?parent=1198"}],"wp:term":[{"taxonomy":"category","embeddable":true,"href":"https:\/\/saiapm.ulbsibiu.ro\/index.php\/wp-json\/wp\/v2\/categories?post=1198"},{"taxonomy":"post_tag","embeddable":true,"href":"https:\/\/saiapm.ulbsibiu.ro\/index.php\/wp-json\/wp\/v2\/tags?post=1198"}],"curies":[{"name":"wp","href":"https:\/\/api.w.org\/{rel}","templated":true}]}}