{"id":11809,"date":"2026-04-01T04:47:32","date_gmt":"2026-04-01T04:47:32","guid":{"rendered":"https:\/\/saiapm.ulbsibiu.ro\/?p=11809"},"modified":"2026-04-01T04:47:32","modified_gmt":"2026-04-01T04:47:32","slug":"edu-lab-farm-30-03-03-04-2026","status":"publish","type":"post","link":"https:\/\/saiapm.ulbsibiu.ro\/index.php\/2026\/04\/01\/edu-lab-farm-30-03-03-04-2026\/","title":{"rendered":"EDU LAB FARM 30.03. \u2013 03.04.2026"},"content":{"rendered":"<p>F\u0218AIAPM din cadrul ULBS vine \u00een \u00eent\u00e2mpinarea elevilor cu o serie de ateliere educativ-aplicative, destinate desf\u0103\u0219ur\u0103rii de activit\u0103\u021bi specifice \u00een \u201eS\u0103pt\u0103m\u00e2na verde\u201d, respectiv \u201e\u0218coala altfel\u201d, \u00een func\u021bie de liceu.<\/p>\n<p>Evenimentul face parte dintr-o serie demarat\u0103 \u00een anul universitar 2025\u20132026. Aceasta a debutat \u00een luna noiembrie cu un eveniment dedicat m\u0103rului, simbol al rezultatelor muncii de peste an, continu\u0103 \u00een aceast\u0103 s\u0103pt\u0103m\u00e2n\u0103 cu tema educa\u021biei \u00een domeniul sustenabilit\u0103\u021bii \u0219i va continua \u00een luna iulie cu un eveniment dedicat inteligen\u021bei artificiale, reprezent\u00e2nd inova\u021bia indispensabil\u0103 pentru a r\u0103spunde cerin\u021belor unei economii performante.<\/p>\n<p>De asemenea, evenimentul reu\u0219e\u0219te s\u0103 implice toate p\u0103r\u021bile interesate \u2014 studen\u021bi, elevi, cadre didactice, mediul institu\u021bional \u0219i mediul de afaceri \u2014 \u00een desf\u0103\u0219urarea activit\u0103\u021bilor, ceea ce constituie un punct forte \u00een procesul de adaptare dinamic\u0103 a programelor noastre de studii la cerin\u021bele pie\u021bei \u0219i ne permite adoptarea unei reac\u021bii adecvate la nevoile poten\u021bialilor candida\u021bi.<\/p>\n<p>Suntem con\u0219tien\u021bi de responsabilitatea pe care ne-am asumat-o \u0219i, \u00een acela\u0219i timp, \u00eencrez\u0103tori c\u0103 acest eveniment va reu\u0219i s\u0103 transmit\u0103 ata\u0219amentul nostru fa\u021b\u0103 de valorile autentice ale comunit\u0103\u021bii \u2014 o comunitate orientat\u0103 spre modernitate, dar fidel\u0103 propriei identit\u0103\u021bi.<\/p>\n<p>Le mul\u021bumim invita\u021bilor no\u0219tri pentru sus\u021binere<\/p>\n<p>&nbsp;<\/p>\n<p>Decan,<\/p>\n<p>Prof. univ. dr. IAG\u0102RU Romulus<\/p>\n<p><img loading=\"lazy\" decoding=\"async\" class=\"alignnone wp-image-11811 size-medium\" src=\"https:\/\/saiapm.ulbsibiu.ro\/wp-content\/uploads\/2026\/04\/WhatsApp-Image-2026-03-31-at-17.37.54-300x225.jpeg\" alt=\"\" width=\"300\" height=\"225\" srcset=\"https:\/\/saiapm.ulbsibiu.ro\/wp-content\/uploads\/2026\/04\/WhatsApp-Image-2026-03-31-at-17.37.54-300x225.jpeg 300w, https:\/\/saiapm.ulbsibiu.ro\/wp-content\/uploads\/2026\/04\/WhatsApp-Image-2026-03-31-at-17.37.54-1024x768.jpeg 1024w, https:\/\/saiapm.ulbsibiu.ro\/wp-content\/uploads\/2026\/04\/WhatsApp-Image-2026-03-31-at-17.37.54-768x576.jpeg 768w, https:\/\/saiapm.ulbsibiu.ro\/wp-content\/uploads\/2026\/04\/WhatsApp-Image-2026-03-31-at-17.37.54-1536x1152.jpeg 1536w, https:\/\/saiapm.ulbsibiu.ro\/wp-content\/uploads\/2026\/04\/WhatsApp-Image-2026-03-31-at-17.37.54.jpeg 1600w\" sizes=\"(max-width: 300px) 100vw, 300px\" \/><\/p>\n<p>&nbsp;<\/p>\n<p><img loading=\"lazy\" decoding=\"async\" class=\"alignnone size-medium wp-image-11810\" src=\"https:\/\/saiapm.ulbsibiu.ro\/wp-content\/uploads\/2026\/04\/WhatsApp-Image-2026-03-31-at-17.38.23-300x225.jpeg\" alt=\"\" width=\"300\" height=\"225\" srcset=\"https:\/\/saiapm.ulbsibiu.ro\/wp-content\/uploads\/2026\/04\/WhatsApp-Image-2026-03-31-at-17.38.23-300x225.jpeg 300w, https:\/\/saiapm.ulbsibiu.ro\/wp-content\/uploads\/2026\/04\/WhatsApp-Image-2026-03-31-at-17.38.23-1024x768.jpeg 1024w, https:\/\/saiapm.ulbsibiu.ro\/wp-content\/uploads\/2026\/04\/WhatsApp-Image-2026-03-31-at-17.38.23-768x576.jpeg 768w, https:\/\/saiapm.ulbsibiu.ro\/wp-content\/uploads\/2026\/04\/WhatsApp-Image-2026-03-31-at-17.38.23-1536x1152.jpeg 1536w, https:\/\/saiapm.ulbsibiu.ro\/wp-content\/uploads\/2026\/04\/WhatsApp-Image-2026-03-31-at-17.38.23.jpeg 1600w\" sizes=\"(max-width: 300px) 100vw, 300px\" \/><\/p>\n","protected":false},"excerpt":{"rendered":"<p>F\u0218AIAPM din cadrul ULBS vine \u00een \u00eent\u00e2mpinarea elevilor cu o serie de ateliere educativ-aplicative, destinate desf\u0103\u0219ur\u0103rii de activit\u0103\u021bi specifice \u00een \u201eS\u0103pt\u0103m\u00e2na verde\u201d, respectiv \u201e\u0218coala altfel\u201d, \u00een func\u021bie de liceu. Evenimentul face parte dintr-o serie demarat\u0103 \u00een anul universitar 2025\u20132026. Aceasta&hellip;<\/p>\n","protected":false},"author":5,"featured_media":11810,"comment_status":"closed","ping_status":"closed","sticky":false,"template":"","format":"standard","meta":{"footnotes":""},"categories":[3,7],"tags":[],"class_list":["post-11809","post","type-post","status-publish","format-standard","has-post-thumbnail","hentry","category-evenimente","category-stiri-ulbs","entry","has-media"],"_links":{"self":[{"href":"https:\/\/saiapm.ulbsibiu.ro\/index.php\/wp-json\/wp\/v2\/posts\/11809"}],"collection":[{"href":"https:\/\/saiapm.ulbsibiu.ro\/index.php\/wp-json\/wp\/v2\/posts"}],"about":[{"href":"https:\/\/saiapm.ulbsibiu.ro\/index.php\/wp-json\/wp\/v2\/types\/post"}],"author":[{"embeddable":true,"href":"https:\/\/saiapm.ulbsibiu.ro\/index.php\/wp-json\/wp\/v2\/users\/5"}],"replies":[{"embeddable":true,"href":"https:\/\/saiapm.ulbsibiu.ro\/index.php\/wp-json\/wp\/v2\/comments?post=11809"}],"version-history":[{"count":1,"href":"https:\/\/saiapm.ulbsibiu.ro\/index.php\/wp-json\/wp\/v2\/posts\/11809\/revisions"}],"predecessor-version":[{"id":11812,"href":"https:\/\/saiapm.ulbsibiu.ro\/index.php\/wp-json\/wp\/v2\/posts\/11809\/revisions\/11812"}],"wp:featuredmedia":[{"embeddable":true,"href":"https:\/\/saiapm.ulbsibiu.ro\/index.php\/wp-json\/wp\/v2\/media\/11810"}],"wp:attachment":[{"href":"https:\/\/saiapm.ulbsibiu.ro\/index.php\/wp-json\/wp\/v2\/media?parent=11809"}],"wp:term":[{"taxonomy":"category","embeddable":true,"href":"https:\/\/saiapm.ulbsibiu.ro\/index.php\/wp-json\/wp\/v2\/categories?post=11809"},{"taxonomy":"post_tag","embeddable":true,"href":"https:\/\/saiapm.ulbsibiu.ro\/index.php\/wp-json\/wp\/v2\/tags?post=11809"}],"curies":[{"name":"wp","href":"https:\/\/api.w.org\/{rel}","templated":true}]}}